{"id":30719,"date":"2026-03-11T23:02:45","date_gmt":"2026-03-11T22:02:45","guid":{"rendered":"https:\/\/vsscheibbs.ac.at\/?p=30719"},"modified":"2026-03-11T23:02:45","modified_gmt":"2026-03-11T22:02:45","slug":"3a-wir-sammeln-gluecksmomente-nachmittag","status":"publish","type":"post","link":"https:\/\/vsscheibbs.ac.at\/?p=30719","title":{"rendered":"3a-\u201eWir sammeln Gl\u00fccksmomente\u201c-Nachmittag"},"content":{"rendered":"<p><a href=\"https:\/\/vsscheibbs.ac.at\/index.php\/nggallery\/album\/3a-wir-sammeln-gluecksmomente-nachmittag?page_id=18197\"><img loading=\"lazy\" decoding=\"async\" class=\"alignleft wp-image-30720\" src=\"https:\/\/vsscheibbs.ac.at\/wp\/wp-content\/uploads\/2026\/03\/3a-Wir-sammeln-Gluecksmomente-Nachmittag.jpg\" alt=\"\" width=\"159\" height=\"119\"><\/a><a href=\"https:\/\/vsscheibbs.ac.at\/index.php\/nggallery\/album\/3a-wir-sammeln-gluecksmomente-nachmittag?page_id=18197\"><span style=\"text-decoration: underline; color: #800000;\"><strong>3a-\u201eWir sammeln Gl\u00fccksmomente\u201c-Nachmittag<\/strong><\/span><\/a><br \/>\nMit dem Lied \u201eEin St\u00fcck vom Gl\u00fcck\u201c stimmten wir uns auf das Thema unseres gemeinsamen Nachmittags \u201eWir sammeln Gl\u00fccksmomente\u201c ein. Anschlie\u00dfend gestaltete jedes Kind sein eigenes Gl\u00fccksmomente-Sammelglas, in dem wir nun bis Schulschluss viele Gl\u00fccksmomente-Kleebl\u00e4tter sammeln werden. Nat\u00fcrlich durfte auch eine gem\u00fctliche Jause nicht fehlen. Gemeinsam richteten wir sie her und genossen sie anschlie\u00dfend in entspannter Runde. Danach wurden verschiedene Brett- und Kartenspiele gespielt und dabei viel gelacht. Zum Abschluss wurde es wieder ruhiger. Bei einer Fantasiereise mit Wolli, dem Schaf konnten sich alle entspannen, zur Ruhe kommen und den erlebnisreichen Nachmittag gem\u00fctlich ausklingen lassen. Es war ein wundersch\u00f6ner gemeinsamer Nachmittag voller kleiner Gl\u00fccksmomente, die uns noch lange in Erinnerung bleiben werden.<\/p>\n","protected":false},"excerpt":{"rendered":"<p>3a-\u201eWir sammeln Gl\u00fccksmomente\u201c-Nachmittag Mit dem Lied \u201eEin St\u00fcck vom Gl\u00fcck\u201c stimmten wir uns auf das Thema unseres gemeinsamen Nachmittags \u201eWir sammeln Gl\u00fccksmomente\u201c ein. Anschlie\u00dfend gestaltete jedes Kind sein eigenes Gl\u00fccksmomente-Sammelglas, in dem wir nun bis Schulschluss viele Gl\u00fccksmomente-Kleebl\u00e4tter sammeln werden. Nat\u00fcrlich durfte auch eine gem\u00fctliche Jause nicht fehlen. Gemeinsam richteten wir sie her und genossen &hellip; <a href=\"https:\/\/vsscheibbs.ac.at\/?p=30719\" class=\"more-link\"><span class=\"screen-reader-text\">3a-\u201eWir sammeln Gl\u00fccksmomente\u201c-Nachmittag<\/span> weiterlesen <span class=\"meta-nav\">&rarr;<\/span><\/a><\/p>\n","protected":false},"author":1,"featured_media":0,"comment_status":"closed","ping_status":"closed","sticky":false,"template":"","format":"aside","meta":{"ngg_post_thumbnail":0,"footnotes":""},"categories":[1],"tags":[],"class_list":["post-30719","post","type-post","status-publish","format-aside","hentry","category-httpvsscheibbs-ac-atwp","post_format-post-format-aside"],"_links":{"self":[{"href":"https:\/\/vsscheibbs.ac.at\/index.php?rest_route=\/wp\/v2\/posts\/30719","targetHints":{"allow":["GET"]}}],"collection":[{"href":"https:\/\/vsscheibbs.ac.at\/index.php?rest_route=\/wp\/v2\/posts"}],"about":[{"href":"https:\/\/vsscheibbs.ac.at\/index.php?rest_route=\/wp\/v2\/types\/post"}],"author":[{"embeddable":true,"href":"https:\/\/vsscheibbs.ac.at\/index.php?rest_route=\/wp\/v2\/users\/1"}],"replies":[{"embeddable":true,"href":"https:\/\/vsscheibbs.ac.at\/index.php?rest_route=%2Fwp%2Fv2%2Fcomments&post=30719"}],"version-history":[{"count":2,"href":"https:\/\/vsscheibbs.ac.at\/index.php?rest_route=\/wp\/v2\/posts\/30719\/revisions"}],"predecessor-version":[{"id":30782,"href":"https:\/\/vsscheibbs.ac.at\/index.php?rest_route=\/wp\/v2\/posts\/30719\/revisions\/30782"}],"wp:attachment":[{"href":"https:\/\/vsscheibbs.ac.at\/index.php?rest_route=%2Fwp%2Fv2%2Fmedia&parent=30719"}],"wp:term":[{"taxonomy":"category","embeddable":true,"href":"https:\/\/vsscheibbs.ac.at\/index.php?rest_route=%2Fwp%2Fv2%2Fcategories&post=30719"},{"taxonomy":"post_tag","embeddable":true,"href":"https:\/\/vsscheibbs.ac.at\/index.php?rest_route=%2Fwp%2Fv2%2Ftags&post=30719"}],"curies":[{"name":"wp","href":"https:\/\/api.w.org\/{rel}","templated":true}]}}