{"id":30690,"date":"2026-03-08T19:39:13","date_gmt":"2026-03-08T18:39:13","guid":{"rendered":"https:\/\/vsscheibbs.ac.at\/?p=30690"},"modified":"2026-03-08T19:39:13","modified_gmt":"2026-03-08T18:39:13","slug":"schitag","status":"publish","type":"post","link":"https:\/\/vsscheibbs.ac.at\/?p=30690","title":{"rendered":"Schitag"},"content":{"rendered":"<p><a href=\"https:\/\/vsscheibbs.ac.at\/index.php\/nggallery\/album\/skitag-der-vs-scheibbs?page_id=18197\"><img loading=\"lazy\" decoding=\"async\" class=\"alignleft wp-image-30692\" src=\"https:\/\/vsscheibbs.ac.at\/wp\/wp-content\/uploads\/2026\/03\/Schitag.jpg\" alt=\"\" width=\"221\" height=\"166\"><\/a><a href=\"https:\/\/vsscheibbs.ac.at\/index.php\/nggallery\/album\/skitag-der-vs-scheibbs?page_id=18197\"><span style=\"text-decoration: underline; color: #800000;\"><strong>Skitag VS Scheibbs<\/strong><\/span><\/a><br \/>\nAuch heuer fand wieder ein Skitag f\u00fcr die Sch\u00fclerinnen und Sch\u00fcler der VS Scheibbs auf dem Hochkar statt.<br \/>\nAm 23.2.2026 nahmen 78 begeisterte Schifahrerinnen und Skifahrer oder Snowboarderinnen und Snowboarder am Skitag teil.<br \/>\nUnterst\u00fctzt wurden sie von zahlreichen Elternteilen, die eine gro\u00dfe Anzahl an Skigruppen f\u00fchrten. Die Kinder hatten gro\u00dfen Spa\u00df und gro\u00dfe Freude beim Wintersport, beim gemeinsamen Mittagessen und sahen den Tag als besonderes Gemeinschaftserlebnis.<br \/>\nVIELEN DANK an alle Eltern, die am Gelingen des Skitages 2026 ma\u00dfgeblich beteiligt waren!<\/p>\n","protected":false},"excerpt":{"rendered":"<p>Skitag VS Scheibbs Auch heuer fand wieder ein Skitag f\u00fcr die Sch\u00fclerinnen und Sch\u00fcler der VS Scheibbs auf dem Hochkar statt. Am 23.2.2026 nahmen 78 begeisterte Schifahrerinnen und Skifahrer oder Snowboarderinnen und Snowboarder am Skitag teil. Unterst\u00fctzt wurden sie von zahlreichen Elternteilen, die eine gro\u00dfe Anzahl an Skigruppen f\u00fchrten. Die Kinder hatten gro\u00dfen Spa\u00df und &hellip; <a href=\"https:\/\/vsscheibbs.ac.at\/?p=30690\" class=\"more-link\"><span class=\"screen-reader-text\">Schitag<\/span> weiterlesen <span class=\"meta-nav\">&rarr;<\/span><\/a><\/p>\n","protected":false},"author":1,"featured_media":0,"comment_status":"closed","ping_status":"closed","sticky":false,"template":"","format":"aside","meta":{"ngg_post_thumbnail":0,"footnotes":""},"categories":[1],"tags":[],"class_list":["post-30690","post","type-post","status-publish","format-aside","hentry","category-httpvsscheibbs-ac-atwp","post_format-post-format-aside"],"_links":{"self":[{"href":"https:\/\/vsscheibbs.ac.at\/index.php?rest_route=\/wp\/v2\/posts\/30690","targetHints":{"allow":["GET"]}}],"collection":[{"href":"https:\/\/vsscheibbs.ac.at\/index.php?rest_route=\/wp\/v2\/posts"}],"about":[{"href":"https:\/\/vsscheibbs.ac.at\/index.php?rest_route=\/wp\/v2\/types\/post"}],"author":[{"embeddable":true,"href":"https:\/\/vsscheibbs.ac.at\/index.php?rest_route=\/wp\/v2\/users\/1"}],"replies":[{"embeddable":true,"href":"https:\/\/vsscheibbs.ac.at\/index.php?rest_route=%2Fwp%2Fv2%2Fcomments&post=30690"}],"version-history":[{"count":3,"href":"https:\/\/vsscheibbs.ac.at\/index.php?rest_route=\/wp\/v2\/posts\/30690\/revisions"}],"predecessor-version":[{"id":30717,"href":"https:\/\/vsscheibbs.ac.at\/index.php?rest_route=\/wp\/v2\/posts\/30690\/revisions\/30717"}],"wp:attachment":[{"href":"https:\/\/vsscheibbs.ac.at\/index.php?rest_route=%2Fwp%2Fv2%2Fmedia&parent=30690"}],"wp:term":[{"taxonomy":"category","embeddable":true,"href":"https:\/\/vsscheibbs.ac.at\/index.php?rest_route=%2Fwp%2Fv2%2Fcategories&post=30690"},{"taxonomy":"post_tag","embeddable":true,"href":"https:\/\/vsscheibbs.ac.at\/index.php?rest_route=%2Fwp%2Fv2%2Ftags&post=30690"}],"curies":[{"name":"wp","href":"https:\/\/api.w.org\/{rel}","templated":true}]}}