{"id":30655,"date":"2026-03-02T20:20:11","date_gmt":"2026-03-02T19:20:11","guid":{"rendered":"https:\/\/vsscheibbs.ac.at\/?p=30655"},"modified":"2026-03-02T20:20:11","modified_gmt":"2026-03-02T19:20:11","slug":"fasching-in-der-gts","status":"publish","type":"post","link":"https:\/\/vsscheibbs.ac.at\/?p=30655","title":{"rendered":"Fasching in der GTS"},"content":{"rendered":"<p><a href=\"https:\/\/vsscheibbs.ac.at\/index.php\/nggallery\/album\/fasching-in-der-gts?page_id=18197\"><img loading=\"lazy\" decoding=\"async\" class=\"alignleft wp-image-30656\" src=\"https:\/\/vsscheibbs.ac.at\/wp\/wp-content\/uploads\/2026\/03\/GTS-Fasching.jpg\" alt=\"\" width=\"254\" height=\"241\"><\/a><a href=\"https:\/\/vsscheibbs.ac.at\/index.php\/nggallery\/album\/fasching-in-der-gts?page_id=18197\"><span style=\"text-decoration: underline; color: #800000;\"><strong>Fasching in der GTS<\/strong><\/span><\/a><br \/>\nDie Kinder der GTS erlebten eine kunterbunte Faschingszeit.<br \/>\nH\u00f6hepunkt f\u00fcr die Kinder der Gruppe 1 war der 29. J\u00e4nner. An diesem Tag \u00f6ffnete die Disco Partyland ihre T\u00fcr. Im Vorfeld wurde eifrig an der Dekoration samt Lautsprecher und DJ-Pult gearbeitet. Neben zahlreichen T\u00e4nzen gab es auch eine Cocktailbar mit bunten Getr\u00e4nken und eine Snackbar f\u00fcr die adrett gestylten Besucher.<br \/>\nAm Faschingsdienstag gab es verschiedene Geschicklichkeitsstationen f\u00fcr beide Gruppen im Turnsaal. Anschlie\u00dfend wurde die Disco wieder ge\u00f6ffnet und alle durften sich eine Faschingsmaske basteln. Zum Abschluss erhielt jedes Kind ein bunt gef\u00fclltes Sackerl mit kleinen Preisen.<\/p>\n","protected":false},"excerpt":{"rendered":"<p>Fasching in der GTS Die Kinder der GTS erlebten eine kunterbunte Faschingszeit. H\u00f6hepunkt f\u00fcr die Kinder der Gruppe 1 war der 29. J\u00e4nner. An diesem Tag \u00f6ffnete die Disco Partyland ihre T\u00fcr. Im Vorfeld wurde eifrig an der Dekoration samt Lautsprecher und DJ-Pult gearbeitet. Neben zahlreichen T\u00e4nzen gab es auch eine Cocktailbar mit bunten Getr\u00e4nken &hellip; <a href=\"https:\/\/vsscheibbs.ac.at\/?p=30655\" class=\"more-link\"><span class=\"screen-reader-text\">Fasching in der GTS<\/span> weiterlesen <span class=\"meta-nav\">&rarr;<\/span><\/a><\/p>\n","protected":false},"author":1,"featured_media":0,"comment_status":"closed","ping_status":"closed","sticky":false,"template":"","format":"aside","meta":{"ngg_post_thumbnail":0,"footnotes":""},"categories":[1],"tags":[],"class_list":["post-30655","post","type-post","status-publish","format-aside","hentry","category-httpvsscheibbs-ac-atwp","post_format-post-format-aside"],"_links":{"self":[{"href":"https:\/\/vsscheibbs.ac.at\/index.php?rest_route=\/wp\/v2\/posts\/30655","targetHints":{"allow":["GET"]}}],"collection":[{"href":"https:\/\/vsscheibbs.ac.at\/index.php?rest_route=\/wp\/v2\/posts"}],"about":[{"href":"https:\/\/vsscheibbs.ac.at\/index.php?rest_route=\/wp\/v2\/types\/post"}],"author":[{"embeddable":true,"href":"https:\/\/vsscheibbs.ac.at\/index.php?rest_route=\/wp\/v2\/users\/1"}],"replies":[{"embeddable":true,"href":"https:\/\/vsscheibbs.ac.at\/index.php?rest_route=%2Fwp%2Fv2%2Fcomments&post=30655"}],"version-history":[{"count":2,"href":"https:\/\/vsscheibbs.ac.at\/index.php?rest_route=\/wp\/v2\/posts\/30655\/revisions"}],"predecessor-version":[{"id":30689,"href":"https:\/\/vsscheibbs.ac.at\/index.php?rest_route=\/wp\/v2\/posts\/30655\/revisions\/30689"}],"wp:attachment":[{"href":"https:\/\/vsscheibbs.ac.at\/index.php?rest_route=%2Fwp%2Fv2%2Fmedia&parent=30655"}],"wp:term":[{"taxonomy":"category","embeddable":true,"href":"https:\/\/vsscheibbs.ac.at\/index.php?rest_route=%2Fwp%2Fv2%2Fcategories&post=30655"},{"taxonomy":"post_tag","embeddable":true,"href":"https:\/\/vsscheibbs.ac.at\/index.php?rest_route=%2Fwp%2Fv2%2Ftags&post=30655"}],"curies":[{"name":"wp","href":"https:\/\/api.w.org\/{rel}","templated":true}]}}